{"id":10443,"date":"2017-07-18T12:41:02","date_gmt":"2017-07-18T18:41:02","guid":{"rendered":"https:\/\/nmcontemporaneo.com\/?p=10443"},"modified":"2025-06-20T01:02:19","modified_gmt":"2025-06-20T07:02:19","slug":"convocatoria-de-gifs","status":"publish","type":"post","link":"https:\/\/nmcontemporaneo.com\/en\/convocatoria-de-gifs\/","title":{"rendered":""},"content":{"rendered":"<p><a href=\"https:\/\/nmcontemporaneo.com\/wp-content\/uploads\/2017\/07\/Cartel-Convocatoria-Gisf.jpg\"><img loading=\"lazy\" decoding=\"async\" class=\"size-full wp-image-10445 aligncenter\" src=\"https:\/\/nmcontemporaneo.com\/wp-content\/uploads\/2017\/07\/Cartel-Convocatoria-Gisf.jpg\" alt=\"\" width=\"600\" height=\"1200\" srcset=\"https:\/\/nmcontemporaneo.com\/wp-content\/uploads\/2017\/07\/Cartel-Convocatoria-Gisf.jpg 600w, https:\/\/nmcontemporaneo.com\/wp-content\/uploads\/2017\/07\/Cartel-Convocatoria-Gisf-150x300.jpg 150w, https:\/\/nmcontemporaneo.com\/wp-content\/uploads\/2017\/07\/Cartel-Convocatoria-Gisf-512x1024.jpg 512w\" sizes=\"auto, (max-width: 600px) 100vw, 600px\" \/><\/a><\/p>\n<p>&nbsp;<\/p>\n<p><strong><em>Primer concurso de gifs\u00a0<\/em><\/strong><\/p>\n<p>Con objetivo de apoyar las propuestas de artistas visuales, programadores, dise\u00f1adores, estudiantes o interesados en publicar un gif con alguna de sus obras para impulsar una mayor difusi\u00f3n, la Galer\u00eda NM Contempor\u00e1neo lanza la convocatoria \u00a0Arma tu gif, comenzando del 15 de julio al 31 de agosto del a\u00f1o en curso.<\/p>\n<p><a href=\"https:\/\/nmcontemporaneo.com\/wp-content\/uploads\/2017\/07\/Convocatoria-gif-1.pdf\">Convocatoria gif<\/a><\/p>\n<p>&nbsp;<\/p>\n","protected":false},"excerpt":{"rendered":"<p>&nbsp; Primer concurso de gifs\u00a0 Con objetivo de apoyar las propuestas de artistas visuales, programadores, dise\u00f1adores, estudiantes o interesados en publicar un gif con alguna de sus obras para impulsar una mayor difusi\u00f3n, la Galer\u00eda NM Contempor\u00e1neo lanza la convocatoria &hellip; <a class=\"kt-excerpt-readmore\" href=\"https:\/\/nmcontemporaneo.com\/en\/convocatoria-de-gifs\/\" aria-label=\"\">Read More<\/a><\/p>\n","protected":false},"author":6,"featured_media":10445,"comment_status":"open","ping_status":"closed","sticky":false,"template":"","format":"standard","meta":{"kt_blocks_editor_width":"","footnotes":""},"categories":[54],"tags":[],"class_list":["post-10443","post","type-post","status-publish","format-standard","has-post-thumbnail","hentry","category-events"],"_links":{"self":[{"href":"https:\/\/nmcontemporaneo.com\/en\/wp-json\/wp\/v2\/posts\/10443","targetHints":{"allow":["GET"]}}],"collection":[{"href":"https:\/\/nmcontemporaneo.com\/en\/wp-json\/wp\/v2\/posts"}],"about":[{"href":"https:\/\/nmcontemporaneo.com\/en\/wp-json\/wp\/v2\/types\/post"}],"author":[{"embeddable":true,"href":"https:\/\/nmcontemporaneo.com\/en\/wp-json\/wp\/v2\/users\/6"}],"replies":[{"embeddable":true,"href":"https:\/\/nmcontemporaneo.com\/en\/wp-json\/wp\/v2\/comments?post=10443"}],"version-history":[{"count":1,"href":"https:\/\/nmcontemporaneo.com\/en\/wp-json\/wp\/v2\/posts\/10443\/revisions"}],"predecessor-version":[{"id":14082,"href":"https:\/\/nmcontemporaneo.com\/en\/wp-json\/wp\/v2\/posts\/10443\/revisions\/14082"}],"wp:featuredmedia":[{"embeddable":true,"href":"https:\/\/nmcontemporaneo.com\/en\/wp-json\/wp\/v2\/media\/10445"}],"wp:attachment":[{"href":"https:\/\/nmcontemporaneo.com\/en\/wp-json\/wp\/v2\/media?parent=10443"}],"wp:term":[{"taxonomy":"category","embeddable":true,"href":"https:\/\/nmcontemporaneo.com\/en\/wp-json\/wp\/v2\/categories?post=10443"},{"taxonomy":"post_tag","embeddable":true,"href":"https:\/\/nmcontemporaneo.com\/en\/wp-json\/wp\/v2\/tags?post=10443"}],"curies":[{"name":"wp","href":"https:\/\/api.w.org\/{rel}","templated":true}]}}