{"id":12112,"date":"2019-06-24T18:14:50","date_gmt":"2019-06-25T00:14:50","guid":{"rendered":"https:\/\/nmcontemporaneo.com\/?p=12112"},"modified":"2025-06-20T01:02:15","modified_gmt":"2025-06-20T07:02:15","slug":"la-compania-de-daniel-lezama","status":"publish","type":"post","link":"https:\/\/nmcontemporaneo.com\/en\/la-compania-de-daniel-lezama\/","title":{"rendered":"La Compa\u00f1\u00eda de Daniel Lezama"},"content":{"rendered":"<p><a href=\"https:\/\/nmcontemporaneo.com\/wp-content\/uploads\/2019\/06\/Invitacio\u0301n.jpg\"><img loading=\"lazy\" decoding=\"async\" class=\"aligncenter size-full wp-image-12113\" src=\"https:\/\/nmcontemporaneo.com\/wp-content\/uploads\/2019\/06\/Invitacio\u0301n.jpg\" alt=\"\" width=\"1537\" height=\"2008\" srcset=\"https:\/\/nmcontemporaneo.com\/wp-content\/uploads\/2019\/06\/Invitacio\u0301n.jpg 1537w, https:\/\/nmcontemporaneo.com\/wp-content\/uploads\/2019\/06\/Invitacio\u0301n-230x300.jpg 230w, https:\/\/nmcontemporaneo.com\/wp-content\/uploads\/2019\/06\/Invitacio\u0301n-768x1003.jpg 768w, https:\/\/nmcontemporaneo.com\/wp-content\/uploads\/2019\/06\/Invitacio\u0301n-784x1024.jpg 784w\" sizes=\"auto, (max-width: 1537px) 100vw, 1537px\" \/><\/a><\/p>\n<div>La galer\u00eda\u00a0<strong>NM Contempor\u00e1ne<\/strong><strong>o<\/strong>, te invita a la inauguraci\u00f3n de la exposici\u00f3n<em><strong>La Compa\u00f1ia<\/strong>\u00a0<\/em>del artista\u00a0<strong>Daniel Lezama<\/strong>, en el\u00a0<strong>Museo T\u00e9cnol\u00f3gico de Monterrey<\/strong>\u00a0del centro hist\u00f3rico de Puebla, Puebla.<\/div>\n<div><\/div>\n<div>Este proyecto consiste en la presentacio\u0301n de pinturas al o\u0301leo, de mediano y gran formato; pertenecientes a la serie\u00a0<em>La Compan\u0303i\u0301a<\/em>, las cuales corresponden al periodo 2017-2018. Dicha serie\u00a0surge del imaginario del paisaje de la antigua fa\u0301brica de papel de San Rafael, Tlalmanalco y entabla un dia\u0301logo poderoso con la infraestructura histo\u0301rica de dicha zona del oriente del Estado de Me\u0301xico.<\/div>\n<div><\/div>\n<div><strong>Jueves 4 de julio, 19 h. Entrada libre<\/strong><\/div>\n<div><span style=\"color: #000000;\">Museo Tecnol\u00f3gico de Monterrey\u00a0<\/span><\/div>\n<div>4 Norte, No.5 Centro Hist\u00f3rico, Puebla, Pue.<\/div>\n<div><\/div>\n<h4><a href=\"https:\/\/twitter.com\/MuseoTecdeMty\">@MuseoTecdeMty<\/a><\/h4>\n<p>&nbsp;<\/p>\n","protected":false},"excerpt":{"rendered":"<p>La galer\u00eda\u00a0NM Contempor\u00e1neo, te invita a la inauguraci\u00f3n de la exposici\u00f3nLa Compa\u00f1ia\u00a0del artista\u00a0Daniel Lezama, en el\u00a0Museo T\u00e9cnol\u00f3gico de Monterrey\u00a0del centro hist\u00f3rico de Puebla, Puebla. Este proyecto consiste en la presentacio\u0301n de pinturas al o\u0301leo, de mediano y gran formato; pertenecientes &hellip; <a class=\"kt-excerpt-readmore\" href=\"https:\/\/nmcontemporaneo.com\/en\/la-compania-de-daniel-lezama\/\" aria-label=\"La Compa\u00f1\u00eda de Daniel Lezama\">Read More<\/a><\/p>\n","protected":false},"author":6,"featured_media":12119,"comment_status":"open","ping_status":"closed","sticky":false,"template":"","format":"standard","meta":{"kt_blocks_editor_width":"","footnotes":""},"categories":[51],"tags":[],"class_list":["post-12112","post","type-post","status-publish","format-standard","has-post-thumbnail","hentry","category-exhibitions"],"_links":{"self":[{"href":"https:\/\/nmcontemporaneo.com\/en\/wp-json\/wp\/v2\/posts\/12112","targetHints":{"allow":["GET"]}}],"collection":[{"href":"https:\/\/nmcontemporaneo.com\/en\/wp-json\/wp\/v2\/posts"}],"about":[{"href":"https:\/\/nmcontemporaneo.com\/en\/wp-json\/wp\/v2\/types\/post"}],"author":[{"embeddable":true,"href":"https:\/\/nmcontemporaneo.com\/en\/wp-json\/wp\/v2\/users\/6"}],"replies":[{"embeddable":true,"href":"https:\/\/nmcontemporaneo.com\/en\/wp-json\/wp\/v2\/comments?post=12112"}],"version-history":[{"count":1,"href":"https:\/\/nmcontemporaneo.com\/en\/wp-json\/wp\/v2\/posts\/12112\/revisions"}],"predecessor-version":[{"id":14111,"href":"https:\/\/nmcontemporaneo.com\/en\/wp-json\/wp\/v2\/posts\/12112\/revisions\/14111"}],"wp:featuredmedia":[{"embeddable":true,"href":"https:\/\/nmcontemporaneo.com\/en\/wp-json\/wp\/v2\/media\/12119"}],"wp:attachment":[{"href":"https:\/\/nmcontemporaneo.com\/en\/wp-json\/wp\/v2\/media?parent=12112"}],"wp:term":[{"taxonomy":"category","embeddable":true,"href":"https:\/\/nmcontemporaneo.com\/en\/wp-json\/wp\/v2\/categories?post=12112"},{"taxonomy":"post_tag","embeddable":true,"href":"https:\/\/nmcontemporaneo.com\/en\/wp-json\/wp\/v2\/tags?post=12112"}],"curies":[{"name":"wp","href":"https:\/\/api.w.org\/{rel}","templated":true}]}}